{"id":12784,"date":"2026-08-31T15:04:53","date_gmt":"2026-08-31T13:04:53","guid":{"rendered":"https:\/\/almalo.edu.pl\/?p=12784"},"modified":"2026-08-31T15:04:53","modified_gmt":"2026-08-31T13:04:53","slug":"wycieczka-klasy-2b-do-muzeum-farmacji-i-ogrodu-botanicznego","status":"publish","type":"post","link":"https:\/\/almalo.edu.pl\/?p=12784","title":{"rendered":"Wycieczka klasy 2B do Muzeum Farmacji i Ogrodu Botanicznego"},"content":{"rendered":"\n<p>Cho\u0107 od naszej wycieczki min\u0119\u0142o ju\u017c kilka tygodni, a klasa 2B rozpocz\u0119\u0142a w\u0142a\u015bnie kolejny rok nauki jako&nbsp;3B, wracamy do tego wyj\u0105tkowego dnia pe\u0142nego wiedzy, ciekawostek i wsp\u00f3lnych do\u015bwiadcze\u0144.&nbsp;<br>W czerwcu uczniowie klasy 2B odwiedzili&nbsp;Muzeum Farmacji Uniwersytetu Jagiello\u0144skiego&nbsp;przy ul. Floria\u0144skiej 25 oraz&nbsp;Ogr\u00f3d Botaniczny Uniwersytetu Jagiello\u0144skiego&nbsp;w Krakowie. Wycieczka by\u0142a doskona\u0142\u0105 okazj\u0105 do poszerzenia wiedzy z zakresu biologii i historii farmacji, a przede wszystkim do spojrzenia na nauk\u0119 z bardziej praktycznej perspektywy.<\/p>\n\n\n\n<p>W starter-packu ka\u017cdego biol-chemu musi znale\u017a\u0107 si\u0119 wycieczka do Muzeum Farmacji oraz wizyta w Ogrodzie Botanicznym \u2013 nasza klasa nie mog\u0142a by\u0107 wyj\u0105tkiem!<\/p>\n\n\n\n<p>Nasz\u0105 przygod\u0119 rozpocz\u0119li\u015bmy w Muzeum Farmacji, mieszcz\u0105cym si\u0119 w XIV-wiecznej kamienicy przy ulicy Floria\u0144skiej 25. Wraz z przewodnikami przemierzali\u015bmy w\u0105skie korytarze, pokonywali\u015bmy kolejne stopnie schod\u00f3w i zwiedzali\u015bmy gotyckie piwnice, poznaj\u0105c histori\u0119 medycyny na przestrzeni wiek\u00f3w. Dowiedzieli\u015bmy si\u0119, jak wygl\u0105da\u0142a praca aptekarza i jakie obowi\u0105zki wi\u0105za\u0142y si\u0119 z wykonywaniem tego zawodu. Odwiedzili\u015bmy r\u00f3wnie\u017c gabinet Ignacego \u0141ukasiewicza \u2013 tw\u00f3rcy lampy naftowej \u2013 gdzie mogli\u015bmy zobaczy\u0107 mi\u0119dzy innymi krzes\u0142o, na kt\u00f3rym niegdy\u015b siedzia\u0142.<\/p>\n\n\n\n<p>Nast\u0119pnie udali\u015bmy si\u0119 do Ogrodu Botanicznego Uniwersytetu Jagiello\u0144skiego, okre\u015blanego mianem \u201e\u017cywego muzeum\u201d. Po jego malowniczych alejkach oprowadza\u0142a nas&nbsp;pani Ma\u0142gorzata Twardowska, nauczycielka biologii w naszej szkole. Dzi\u0119ki jej wiedzy i zaanga\u017cowaniu mogli\u015bmy zwr\u00f3ci\u0107 uwag\u0119 na wiele interesuj\u0105cych cech i osobliwo\u015bci ro\u015blin, kt\u00f3re na co dzie\u0144 \u0142atwo przeoczy\u0107. Szczeg\u00f3lne zainteresowanie wzbudzi\u0142a kolekcja ro\u015blin biblijnych, a tak\u017ce szklarnie, w kt\u00f3rych mogli\u015bmy podziwia\u0107 wiele egzotycznych gatunk\u00f3w.<\/p>\n\n\n\n<p>Dzi\u015b wspominamy t\u0119 wycieczk\u0119 r\u00f3wnie\u017c z wyj\u0105tkow\u0105 wdzi\u0119czno\u015bci\u0105 \u2013 by\u0142 to bowiem jeden z ostatnich wsp\u00f3lnych wyjazd\u00f3w z pani\u0105 Ma\u0142gorzat\u0105 Twardowsk\u0105 przed jej przej\u015bciem na emerytur\u0119. Mieli\u015bmy zaszczyt wys\u0142ucha\u0107 jej opowie\u015bci, ch\u0142on\u0105\u0107 przekazywan\u0105 przez ni\u0105 wiedz\u0119 i spojrze\u0107 na \u015bwiat ro\u015blin z perspektywy osoby, kt\u00f3ra przez lata zara\u017ca\u0142a biologi\u0105 kolejne pokolenia uczni\u00f3w. Mamy nadziej\u0119, \u017ce ta lekcja poza szkoln\u0105 \u0142awk\u0105 pozostanie w pami\u0119ci zar\u00f3wno uczni\u00f3w, jak i naszej nauczycielki.<\/p>\n\n\n\n<p>Wracamy wi\u0119c do czerwcowego dnia ju\u017c jako&nbsp;3B, ale z tym samym przekonaniem, \u017ce wycieczki s\u0105 czym\u015b wi\u0119cej ni\u017c tylko przerw\u0105 od codziennych lekcji. To do\u015bwiadczenia, kt\u00f3re pozwalaj\u0105 zobaczy\u0107, dotkn\u0105\u0107 i zrozumie\u0107 to, o czym uczymy si\u0119 w szkolnych \u0142awkach \u2013 a przede wszystkim tworz\u0105 wspomnienia, kt\u00f3re zostaj\u0105 z nami na d\u0142ugo.<br><br>A skoro nowy rok szkolny ju\u017c si\u0119 rozpocz\u0105\u0142, a na zdj\u0119ciach nie brakuje uniesionych kciuk\u00f3w, mamy dla Was ma\u0142e wyzwanie:&nbsp;zostawcie pod postem tyle lajk\u00f3w, ile pozytywnej energii chcieliby\u015bcie zabra\u0107 ze sob\u0105 w ten rok szkolny!&nbsp;&nbsp;\ud83d\ude0e\ud83d\udc4d<\/p>\n\n\n\n<figure class=\"wp-block-gallery has-nested-images columns-4 is-cropped wp-block-gallery-1 is-layout-flex wp-block-gallery-is-layout-flex\">\n<figure class=\"wp-block-image size-large\"><img loading=\"lazy\" decoding=\"async\" width=\"767\" height=\"1024\" data-id=\"12790\" src=\"https:\/\/almalo.edu.pl\/wp-content\/uploads\/2026\/08\/1-ogrod-botaniczny-767x1024.jpg\" alt=\"\" class=\"wp-image-12790\" srcset=\"https:\/\/almalo.edu.pl\/wp-content\/uploads\/2026\/08\/1-ogrod-botaniczny-767x1024.jpg 767w, https:\/\/almalo.edu.pl\/wp-content\/uploads\/2026\/08\/1-ogrod-botaniczny-225x300.jpg 225w, https:\/\/almalo.edu.pl\/wp-content\/uploads\/2026\/08\/1-ogrod-botaniczny-768x1025.jpg 768w, https:\/\/almalo.edu.pl\/wp-content\/uploads\/2026\/08\/1-ogrod-botaniczny-1151x1536.jpg 1151w, https:\/\/almalo.edu.pl\/wp-content\/uploads\/2026\/08\/1-ogrod-botaniczny-1535x2048.jpg 1535w, https:\/\/almalo.edu.pl\/wp-content\/uploads\/2026\/08\/1-ogrod-botaniczny-scaled.jpg 1919w\" sizes=\"auto, (max-width: 767px) 89vw, (max-width: 1000px) 54vw, (max-width: 1071px) 543px, 580px\" \/><\/figure>\n\n\n\n<figure class=\"wp-block-image size-large\"><img loading=\"lazy\" decoding=\"async\" width=\"768\" height=\"1024\" data-id=\"12788\" src=\"https:\/\/almalo.edu.pl\/wp-content\/uploads\/2026\/08\/3-ogrod-botaniczny-768x1024.jpg\" alt=\"\" class=\"wp-image-12788\" srcset=\"https:\/\/almalo.edu.pl\/wp-content\/uploads\/2026\/08\/3-ogrod-botaniczny-768x1024.jpg 768w, https:\/\/almalo.edu.pl\/wp-content\/uploads\/2026\/08\/3-ogrod-botaniczny-225x300.jpg 225w, https:\/\/almalo.edu.pl\/wp-content\/uploads\/2026\/08\/3-ogrod-botaniczny-1152x1536.jpg 1152w, https:\/\/almalo.edu.pl\/wp-content\/uploads\/2026\/08\/3-ogrod-botaniczny-1536x2048.jpg 1536w, https:\/\/almalo.edu.pl\/wp-content\/uploads\/2026\/08\/3-ogrod-botaniczny-scaled.jpg 1920w\" sizes=\"auto, (max-width: 767px) 89vw, (max-width: 1000px) 54vw, (max-width: 1071px) 543px, 580px\" \/><\/figure>\n\n\n\n<figure class=\"wp-block-image size-large\"><img loading=\"lazy\" decoding=\"async\" width=\"768\" height=\"1024\" data-id=\"12791\" src=\"https:\/\/almalo.edu.pl\/wp-content\/uploads\/2026\/08\/5-ogrod-botaniczny-768x1024.jpg\" alt=\"\" class=\"wp-image-12791\" srcset=\"https:\/\/almalo.edu.pl\/wp-content\/uploads\/2026\/08\/5-ogrod-botaniczny-768x1024.jpg 768w, https:\/\/almalo.edu.pl\/wp-content\/uploads\/2026\/08\/5-ogrod-botaniczny-225x300.jpg 225w, https:\/\/almalo.edu.pl\/wp-content\/uploads\/2026\/08\/5-ogrod-botaniczny-1152x1536.jpg 1152w, https:\/\/almalo.edu.pl\/wp-content\/uploads\/2026\/08\/5-ogrod-botaniczny-1536x2048.jpg 1536w, https:\/\/almalo.edu.pl\/wp-content\/uploads\/2026\/08\/5-ogrod-botaniczny-scaled.jpg 1920w\" sizes=\"auto, (max-width: 767px) 89vw, (max-width: 1000px) 54vw, (max-width: 1071px) 543px, 580px\" \/><\/figure>\n\n\n\n<figure class=\"wp-block-image size-large\"><img loading=\"lazy\" decoding=\"async\" width=\"1024\" height=\"768\" data-id=\"12793\" src=\"https:\/\/almalo.edu.pl\/wp-content\/uploads\/2026\/08\/6-ogrod-botaniczny-1024x768.jpg\" alt=\"\" class=\"wp-image-12793\" srcset=\"https:\/\/almalo.edu.pl\/wp-content\/uploads\/2026\/08\/6-ogrod-botaniczny-1024x768.jpg 1024w, https:\/\/almalo.edu.pl\/wp-content\/uploads\/2026\/08\/6-ogrod-botaniczny-300x225.jpg 300w, https:\/\/almalo.edu.pl\/wp-content\/uploads\/2026\/08\/6-ogrod-botaniczny-768x576.jpg 768w, https:\/\/almalo.edu.pl\/wp-content\/uploads\/2026\/08\/6-ogrod-botaniczny-1536x1152.jpg 1536w, https:\/\/almalo.edu.pl\/wp-content\/uploads\/2026\/08\/6-ogrod-botaniczny-2048x1536.jpg 2048w\" sizes=\"auto, (max-width: 767px) 89vw, (max-width: 1000px) 54vw, (max-width: 1071px) 543px, 580px\" \/><\/figure>\n\n\n\n<figure class=\"wp-block-image size-large\"><img loading=\"lazy\" decoding=\"async\" width=\"768\" height=\"1024\" data-id=\"12792\" src=\"https:\/\/almalo.edu.pl\/wp-content\/uploads\/2026\/08\/4-ogrod-botaniczny-768x1024.jpg\" alt=\"\" class=\"wp-image-12792\" srcset=\"https:\/\/almalo.edu.pl\/wp-content\/uploads\/2026\/08\/4-ogrod-botaniczny-768x1024.jpg 768w, https:\/\/almalo.edu.pl\/wp-content\/uploads\/2026\/08\/4-ogrod-botaniczny-225x300.jpg 225w, https:\/\/almalo.edu.pl\/wp-content\/uploads\/2026\/08\/4-ogrod-botaniczny-1152x1536.jpg 1152w, https:\/\/almalo.edu.pl\/wp-content\/uploads\/2026\/08\/4-ogrod-botaniczny-1536x2048.jpg 1536w, https:\/\/almalo.edu.pl\/wp-content\/uploads\/2026\/08\/4-ogrod-botaniczny-scaled.jpg 1920w\" sizes=\"auto, (max-width: 767px) 89vw, (max-width: 1000px) 54vw, (max-width: 1071px) 543px, 580px\" \/><\/figure>\n\n\n\n<figure class=\"wp-block-image size-large\"><img loading=\"lazy\" decoding=\"async\" width=\"768\" height=\"1024\" data-id=\"12789\" src=\"https:\/\/almalo.edu.pl\/wp-content\/uploads\/2026\/08\/2-ogrod-botaniczny-768x1024.jpg\" alt=\"\" class=\"wp-image-12789\" srcset=\"https:\/\/almalo.edu.pl\/wp-content\/uploads\/2026\/08\/2-ogrod-botaniczny-768x1024.jpg 768w, https:\/\/almalo.edu.pl\/wp-content\/uploads\/2026\/08\/2-ogrod-botaniczny-225x300.jpg 225w, https:\/\/almalo.edu.pl\/wp-content\/uploads\/2026\/08\/2-ogrod-botaniczny-1152x1536.jpg 1152w, https:\/\/almalo.edu.pl\/wp-content\/uploads\/2026\/08\/2-ogrod-botaniczny-1536x2048.jpg 1536w, https:\/\/almalo.edu.pl\/wp-content\/uploads\/2026\/08\/2-ogrod-botaniczny-scaled.jpg 1920w\" sizes=\"auto, (max-width: 767px) 89vw, (max-width: 1000px) 54vw, (max-width: 1071px) 543px, 580px\" \/><\/figure>\n\n\n\n<figure class=\"wp-block-image size-large\"><img loading=\"lazy\" decoding=\"async\" width=\"1024\" height=\"768\" data-id=\"12794\" src=\"https:\/\/almalo.edu.pl\/wp-content\/uploads\/2026\/08\/7-ogrod-botaniczny-1024x768.jpg\" alt=\"\" class=\"wp-image-12794\" srcset=\"https:\/\/almalo.edu.pl\/wp-content\/uploads\/2026\/08\/7-ogrod-botaniczny-1024x768.jpg 1024w, https:\/\/almalo.edu.pl\/wp-content\/uploads\/2026\/08\/7-ogrod-botaniczny-300x225.jpg 300w, https:\/\/almalo.edu.pl\/wp-content\/uploads\/2026\/08\/7-ogrod-botaniczny-768x576.jpg 768w, https:\/\/almalo.edu.pl\/wp-content\/uploads\/2026\/08\/7-ogrod-botaniczny-1536x1152.jpg 1536w, https:\/\/almalo.edu.pl\/wp-content\/uploads\/2026\/08\/7-ogrod-botaniczny-2048x1536.jpg 2048w\" sizes=\"auto, (max-width: 767px) 89vw, (max-width: 1000px) 54vw, (max-width: 1071px) 543px, 580px\" \/><\/figure>\n\n\n\n<figure class=\"wp-block-image size-large\"><img loading=\"lazy\" decoding=\"async\" width=\"1024\" height=\"768\" data-id=\"12795\" src=\"https:\/\/almalo.edu.pl\/wp-content\/uploads\/2026\/08\/11-ogrod-botaniczny-1024x768.jpg\" alt=\"\" class=\"wp-image-12795\" srcset=\"https:\/\/almalo.edu.pl\/wp-content\/uploads\/2026\/08\/11-ogrod-botaniczny-1024x768.jpg 1024w, https:\/\/almalo.edu.pl\/wp-content\/uploads\/2026\/08\/11-ogrod-botaniczny-300x225.jpg 300w, https:\/\/almalo.edu.pl\/wp-content\/uploads\/2026\/08\/11-ogrod-botaniczny-768x576.jpg 768w, https:\/\/almalo.edu.pl\/wp-content\/uploads\/2026\/08\/11-ogrod-botaniczny-1536x1152.jpg 1536w, https:\/\/almalo.edu.pl\/wp-content\/uploads\/2026\/08\/11-ogrod-botaniczny-2048x1536.jpg 2048w\" sizes=\"auto, (max-width: 767px) 89vw, (max-width: 1000px) 54vw, (max-width: 1071px) 543px, 580px\" \/><\/figure>\n\n\n\n<figure class=\"wp-block-image size-large\"><a href=\"https:\/\/almalo.edu.pl\/wp-content\/uploads\/2026\/08\/8-ogrod-botaniczny.jpg\" target=\"_blank\"><img loading=\"lazy\" decoding=\"async\" width=\"1024\" height=\"768\" data-id=\"12785\" src=\"https:\/\/almalo.edu.pl\/wp-content\/uploads\/2026\/08\/8-ogrod-botaniczny-1024x768.jpg\" alt=\"\" class=\"wp-image-12785\" srcset=\"https:\/\/almalo.edu.pl\/wp-content\/uploads\/2026\/08\/8-ogrod-botaniczny-1024x768.jpg 1024w, https:\/\/almalo.edu.pl\/wp-content\/uploads\/2026\/08\/8-ogrod-botaniczny-300x225.jpg 300w, https:\/\/almalo.edu.pl\/wp-content\/uploads\/2026\/08\/8-ogrod-botaniczny-768x576.jpg 768w, https:\/\/almalo.edu.pl\/wp-content\/uploads\/2026\/08\/8-ogrod-botaniczny-1536x1152.jpg 1536w, https:\/\/almalo.edu.pl\/wp-content\/uploads\/2026\/08\/8-ogrod-botaniczny.jpg 2048w\" sizes=\"auto, (max-width: 767px) 89vw, (max-width: 1000px) 54vw, (max-width: 1071px) 543px, 580px\" \/><\/a><\/figure>\n\n\n\n<figure class=\"wp-block-image size-large\"><a href=\"https:\/\/almalo.edu.pl\/wp-content\/uploads\/2026\/08\/9-ogrod-botaniczny.jpg\" target=\"_blank\"><img loading=\"lazy\" decoding=\"async\" width=\"1024\" height=\"768\" data-id=\"12786\" src=\"https:\/\/almalo.edu.pl\/wp-content\/uploads\/2026\/08\/9-ogrod-botaniczny-1024x768.jpg\" alt=\"\" class=\"wp-image-12786\" srcset=\"https:\/\/almalo.edu.pl\/wp-content\/uploads\/2026\/08\/9-ogrod-botaniczny-1024x768.jpg 1024w, https:\/\/almalo.edu.pl\/wp-content\/uploads\/2026\/08\/9-ogrod-botaniczny-300x225.jpg 300w, https:\/\/almalo.edu.pl\/wp-content\/uploads\/2026\/08\/9-ogrod-botaniczny-768x576.jpg 768w, https:\/\/almalo.edu.pl\/wp-content\/uploads\/2026\/08\/9-ogrod-botaniczny-1536x1152.jpg 1536w, https:\/\/almalo.edu.pl\/wp-content\/uploads\/2026\/08\/9-ogrod-botaniczny.jpg 2048w\" sizes=\"auto, (max-width: 767px) 89vw, (max-width: 1000px) 54vw, (max-width: 1071px) 543px, 580px\" \/><\/a><\/figure>\n\n\n\n<figure class=\"wp-block-image size-large\"><a href=\"https:\/\/almalo.edu.pl\/wp-content\/uploads\/2026\/08\/10-ogrod-botaniczny.jpg\" target=\"_blank\"><img loading=\"lazy\" decoding=\"async\" width=\"768\" height=\"1024\" data-id=\"12787\" src=\"https:\/\/almalo.edu.pl\/wp-content\/uploads\/2026\/08\/10-ogrod-botaniczny-768x1024.jpg\" alt=\"\" class=\"wp-image-12787\" srcset=\"https:\/\/almalo.edu.pl\/wp-content\/uploads\/2026\/08\/10-ogrod-botaniczny-768x1024.jpg 768w, https:\/\/almalo.edu.pl\/wp-content\/uploads\/2026\/08\/10-ogrod-botaniczny-225x300.jpg 225w, https:\/\/almalo.edu.pl\/wp-content\/uploads\/2026\/08\/10-ogrod-botaniczny-1152x1536.jpg 1152w, https:\/\/almalo.edu.pl\/wp-content\/uploads\/2026\/08\/10-ogrod-botaniczny.jpg 1536w\" sizes=\"auto, (max-width: 767px) 89vw, (max-width: 1000px) 54vw, (max-width: 1071px) 543px, 580px\" \/><\/a><\/figure>\n<\/figure>\n","protected":false},"excerpt":{"rendered":"<p>Cho\u0107 od naszej wycieczki min\u0119\u0142o ju\u017c kilka tygodni, a klasa 2B rozpocz\u0119\u0142a w\u0142a\u015bnie kolejny rok nauki jako&nbsp;3B, wracamy do tego wyj\u0105tkowego dnia pe\u0142nego wiedzy, ciekawostek i wsp\u00f3lnych do\u015bwiadcze\u0144.&nbsp;W czerwcu uczniowie klasy 2B odwiedzili&nbsp;Muzeum Farmacji Uniwersytetu Jagiello\u0144skiego&nbsp;przy ul. Floria\u0144skiej 25 oraz&nbsp;Ogr\u00f3d Botaniczny Uniwersytetu Jagiello\u0144skiego&nbsp;w Krakowie. Wycieczka by\u0142a doskona\u0142\u0105 okazj\u0105 do poszerzenia wiedzy z zakresu biologii i &hellip; <\/p>\n<p class=\"link-more\"><a href=\"https:\/\/almalo.edu.pl\/?p=12784\" class=\"more-link\">Czytaj dalej<span class=\"screen-reader-text\"> \u201eWycieczka klasy 2B do Muzeum Farmacji i Ogrodu Botanicznego\u201d<\/span><\/a><\/p>\n","protected":false},"author":13,"featured_media":0,"comment_status":"closed","ping_status":"closed","sticky":false,"template":"","format":"standard","meta":{"footnotes":""},"categories":[1],"tags":[],"class_list":["post-12784","post","type-post","status-publish","format-standard","hentry","category-aktualnosci"],"_links":{"self":[{"href":"https:\/\/almalo.edu.pl\/index.php?rest_route=\/wp\/v2\/posts\/12784","targetHints":{"allow":["GET"]}}],"collection":[{"href":"https:\/\/almalo.edu.pl\/index.php?rest_route=\/wp\/v2\/posts"}],"about":[{"href":"https:\/\/almalo.edu.pl\/index.php?rest_route=\/wp\/v2\/types\/post"}],"author":[{"embeddable":true,"href":"https:\/\/almalo.edu.pl\/index.php?rest_route=\/wp\/v2\/users\/13"}],"replies":[{"embeddable":true,"href":"https:\/\/almalo.edu.pl\/index.php?rest_route=%2Fwp%2Fv2%2Fcomments&post=12784"}],"version-history":[{"count":1,"href":"https:\/\/almalo.edu.pl\/index.php?rest_route=\/wp\/v2\/posts\/12784\/revisions"}],"predecessor-version":[{"id":12796,"href":"https:\/\/almalo.edu.pl\/index.php?rest_route=\/wp\/v2\/posts\/12784\/revisions\/12796"}],"wp:attachment":[{"href":"https:\/\/almalo.edu.pl\/index.php?rest_route=%2Fwp%2Fv2%2Fmedia&parent=12784"}],"wp:term":[{"taxonomy":"category","embeddable":true,"href":"https:\/\/almalo.edu.pl\/index.php?rest_route=%2Fwp%2Fv2%2Fcategories&post=12784"},{"taxonomy":"post_tag","embeddable":true,"href":"https:\/\/almalo.edu.pl\/index.php?rest_route=%2Fwp%2Fv2%2Ftags&post=12784"}],"curies":[{"name":"wp","href":"https:\/\/api.w.org\/{rel}","templated":true}]}}