{"id":12797,"date":"2026-08-31T15:12:19","date_gmt":"2026-08-31T13:12:19","guid":{"rendered":"https:\/\/almalo.edu.pl\/?p=12797"},"modified":"2026-08-31T15:12:20","modified_gmt":"2026-08-31T13:12:20","slug":"ogolnopolski-konkurs-fotograficzno-graficzny","status":"publish","type":"post","link":"https:\/\/almalo.edu.pl\/?p=12797","title":{"rendered":"Og\u00f3lnopolski Konkurs Fotograficzno-Graficzny"},"content":{"rendered":"\n<p><strong>Burmistrza Mie\u015bciska, Zesp\u00f3\u0142 Interdyscyplinarny w Mie\u015bcisku oraz Samorz\u0105d Uczniowski Szko\u0142y Podstawow\u0105 im. Stefana Czarnieckiego w Mie\u015bcisku, <\/strong>zaprasza do udzia\u0142u w konkursie pt.:  <strong>\u201eJeste\u015bmy r\u00f3\u017cni. W szacunku odnajdujemy wsp\u00f3ln\u0105 drog\u0119.&#8221;<\/strong><\/p>\n\n\n\n<p>Konkurs obj\u0119ty jest&nbsp;<strong>patronatem honorowym Wojewody Wielkopolskiej Agaty Sobczyk<\/strong>&nbsp;i rozpoczyna si\u0119 1 wrze\u015bnia 2026 roku.<\/p>\n\n\n\n<p>Celem konkursu jest&nbsp; promowanie postaw opartych na wzajemnym szacunku, empatii&nbsp; &nbsp;i otwarto\u015bci wobec r\u00f3\u017cnorodno\u015bci, przeciwdzia\u0142anie stereotypom, uprzedzeniom oraz wszelkim formom dyskryminacji i wykluczenia oraz rozwijanie zdolno\u015bci artystycznych uczestnik\u00f3w poprzez tw\u00f3rcze wyra\u017canie szacunku &nbsp;wobec innych os\u00f3b za pomoc\u0105 fotografii i grafiki.<\/p>\n\n\n\n<p>Uczestnikami mog\u0105 by\u0107 uczniowie klas VII\u2013VIII szk\u00f3\u0142 podstawowych&nbsp; oraz uczniowie klas I i II szk\u00f3\u0142 ponadpodstawowych z ca\u0142ej Polski.<br>Prace konkursowe (fotograficzno-graficzne) nale\u017cy przesy\u0142a\u0107 do dnia 30 pa\u017adziernika 2026 r.&nbsp;na adres e-mail:<\/p>\n\n\n\n<p><a href=\"mailto:konkurs.szacunek@spmiescisko.pl\">konkurs.szacunek@spmiescisko.pl<\/a><\/p>\n\n\n\n<p>Wszystkie dokumenty  w tym szczeg\u00f3\u0142owy<strong>\u00a0r<\/strong>egulamin oraz formularze zg\u0142oszeniowe znajduj\u0105 si\u0119 te\u017c na stronie:<\/p>\n\n\n\n<p><a href=\"https:\/\/spmiescisko.pl\/n,jestesmy-rozni-w-szacunku-odnajdujemy-wspolna-droge\">https:\/\/spmiescisko.pl\/n,jestesmy-rozni-w-szacunku-odnajdujemy-wspolna-droge<\/a><\/p>\n\n\n\n<figure class=\"wp-block-image size-large\"><img loading=\"lazy\" decoding=\"async\" width=\"1024\" height=\"683\" src=\"https:\/\/almalo.edu.pl\/wp-content\/uploads\/2026\/08\/plakat-promujacy-konkurs-1024x683.jpg\" alt=\"\" class=\"wp-image-12798\" srcset=\"https:\/\/almalo.edu.pl\/wp-content\/uploads\/2026\/08\/plakat-promujacy-konkurs-1024x683.jpg 1024w, https:\/\/almalo.edu.pl\/wp-content\/uploads\/2026\/08\/plakat-promujacy-konkurs-300x200.jpg 300w, https:\/\/almalo.edu.pl\/wp-content\/uploads\/2026\/08\/plakat-promujacy-konkurs-768x512.jpg 768w, https:\/\/almalo.edu.pl\/wp-content\/uploads\/2026\/08\/plakat-promujacy-konkurs-1536x1024.jpg 1536w, https:\/\/almalo.edu.pl\/wp-content\/uploads\/2026\/08\/plakat-promujacy-konkurs-2048x1365.jpg 2048w\" sizes=\"auto, (max-width: 767px) 89vw, (max-width: 1000px) 54vw, (max-width: 1071px) 543px, 580px\" \/><\/figure>\n","protected":false},"excerpt":{"rendered":"<p>Burmistrza Mie\u015bciska, Zesp\u00f3\u0142 Interdyscyplinarny w Mie\u015bcisku oraz Samorz\u0105d Uczniowski Szko\u0142y Podstawow\u0105 im. Stefana Czarnieckiego w Mie\u015bcisku, zaprasza do udzia\u0142u w konkursie pt.: \u201eJeste\u015bmy r\u00f3\u017cni. W szacunku odnajdujemy wsp\u00f3ln\u0105 drog\u0119.&#8221; Konkurs obj\u0119ty jest&nbsp;patronatem honorowym Wojewody Wielkopolskiej Agaty Sobczyk&nbsp;i rozpoczyna si\u0119 1 wrze\u015bnia 2026 roku. Celem konkursu jest&nbsp; promowanie postaw opartych na wzajemnym szacunku, empatii&nbsp; &nbsp;i otwarto\u015bci &hellip; <\/p>\n<p class=\"link-more\"><a href=\"https:\/\/almalo.edu.pl\/?p=12797\" class=\"more-link\">Czytaj dalej<span class=\"screen-reader-text\"> \u201eOg\u00f3lnopolski Konkurs Fotograficzno-Graficzny\u201d<\/span><\/a><\/p>\n","protected":false},"author":13,"featured_media":0,"comment_status":"closed","ping_status":"closed","sticky":false,"template":"","format":"standard","meta":{"footnotes":""},"categories":[1],"tags":[],"class_list":["post-12797","post","type-post","status-publish","format-standard","hentry","category-aktualnosci"],"_links":{"self":[{"href":"https:\/\/almalo.edu.pl\/index.php?rest_route=\/wp\/v2\/posts\/12797","targetHints":{"allow":["GET"]}}],"collection":[{"href":"https:\/\/almalo.edu.pl\/index.php?rest_route=\/wp\/v2\/posts"}],"about":[{"href":"https:\/\/almalo.edu.pl\/index.php?rest_route=\/wp\/v2\/types\/post"}],"author":[{"embeddable":true,"href":"https:\/\/almalo.edu.pl\/index.php?rest_route=\/wp\/v2\/users\/13"}],"replies":[{"embeddable":true,"href":"https:\/\/almalo.edu.pl\/index.php?rest_route=%2Fwp%2Fv2%2Fcomments&post=12797"}],"version-history":[{"count":1,"href":"https:\/\/almalo.edu.pl\/index.php?rest_route=\/wp\/v2\/posts\/12797\/revisions"}],"predecessor-version":[{"id":12799,"href":"https:\/\/almalo.edu.pl\/index.php?rest_route=\/wp\/v2\/posts\/12797\/revisions\/12799"}],"wp:attachment":[{"href":"https:\/\/almalo.edu.pl\/index.php?rest_route=%2Fwp%2Fv2%2Fmedia&parent=12797"}],"wp:term":[{"taxonomy":"category","embeddable":true,"href":"https:\/\/almalo.edu.pl\/index.php?rest_route=%2Fwp%2Fv2%2Fcategories&post=12797"},{"taxonomy":"post_tag","embeddable":true,"href":"https:\/\/almalo.edu.pl\/index.php?rest_route=%2Fwp%2Fv2%2Ftags&post=12797"}],"curies":[{"name":"wp","href":"https:\/\/api.w.org\/{rel}","templated":true}]}}