{"id":12801,"date":"2026-09-01T10:29:46","date_gmt":"2026-09-01T08:29:46","guid":{"rendered":"https:\/\/almalo.edu.pl\/?p=12801"},"modified":"2026-09-01T10:29:47","modified_gmt":"2026-09-01T08:29:47","slug":"witamy-w-nowym-roku-szkolnym-2026-2027-%f0%9f%8e%93%f0%9f%93%9a","status":"publish","type":"post","link":"https:\/\/almalo.edu.pl\/?p=12801","title":{"rendered":"Witamy w nowym roku szkolnym 2026\/2027! \ud83c\udf93\ud83d\udcda"},"content":{"rendered":"\n<figure class=\"wp-block-image size-full\"><img loading=\"lazy\" decoding=\"async\" width=\"1024\" height=\"471\" src=\"https:\/\/almalo.edu.pl\/wp-content\/uploads\/2026\/09\/38177579-c665-40c8-bfa3-8722717c19d3.jpg\" alt=\"\" class=\"wp-image-12802\" srcset=\"https:\/\/almalo.edu.pl\/wp-content\/uploads\/2026\/09\/38177579-c665-40c8-bfa3-8722717c19d3.jpg 1024w, https:\/\/almalo.edu.pl\/wp-content\/uploads\/2026\/09\/38177579-c665-40c8-bfa3-8722717c19d3-300x138.jpg 300w, https:\/\/almalo.edu.pl\/wp-content\/uploads\/2026\/09\/38177579-c665-40c8-bfa3-8722717c19d3-768x353.jpg 768w\" sizes=\"auto, (max-width: 767px) 89vw, (max-width: 1000px) 54vw, (max-width: 1071px) 543px, 580px\" \/><\/figure>\n\n\n\n<p>Drodzy Uczniowie, Nauczyciele i Pracownicy Szko\u0142y!<\/p>\n\n\n\n<p>Z ogromn\u0105 rado\u015bci\u0105 rozpoczynamy nowy rok szkolny&nbsp;<strong>2026\/2027<\/strong>. Po wakacyjnej przerwie ponownie spotykamy si\u0119, by wsp\u00f3lnie zdobywa\u0107 wiedz\u0119, rozwija\u0107 swoje pasje, podejmowa\u0107 nowe wyzwania i tworzy\u0107 szkoln\u0105 spo\u0142eczno\u015b\u0107.<\/p>\n\n\n\n<p>Szczeg\u00f3lnie serdecznie witamy&nbsp;<strong>uczni\u00f3w klas pierwszych<\/strong>, kt\u00f3rzy rozpoczynaj\u0105 swoj\u0105 licealn\u0105 przygod\u0119. \u017byczymy Wam, aby nowe miejsce szybko sta\u0142o si\u0119 Wasz\u0105 przestrzeni\u0105 do nauki, rozwoju i nawi\u0105zywania warto\u015bciowych przyja\u017ani.<\/p>\n\n\n\n<p>Wszystkim Uczniom \u017cyczymy&nbsp;<strong>wytrwa\u0142o\u015bci, motywacji, ciekawo\u015bci \u015bwiata oraz wielu powod\u00f3w do dumy<\/strong>. Niech ka\u017cdy dzie\u0144 przynosi nowe do\u015bwiadczenia, inspiracje i sukcesy \u2013 zar\u00f3wno te ma\u0142e, jak i te najwi\u0119ksze. Pami\u0119tajcie, \u017ce ka\u017cdy cel jest mo\u017cliwy do osi\u0105gni\u0119cia, je\u015bli towarzysz\u0105 mu zaanga\u017cowanie i wiara we w\u0142asne mo\u017cliwo\u015bci.<\/p>\n\n\n\n<p>Nauczycielom i Pracownikom Szko\u0142y \u017cyczymy&nbsp;<strong>satysfakcji z wykonywanej pracy, cierpliwo\u015bci, energii oraz wielu sukces\u00f3w wychowawczych i zawodowych<\/strong>. Niech codzienny trud przynosi Pa\u0144stwu wiele rado\u015bci i poczucia, \u017ce wsp\u00f3lnie kszta\u0142tujemy przysz\u0142o\u015b\u0107 m\u0142odego pokolenia.<\/p>\n\n\n\n<p>Niech rozpoczynaj\u0105cy si\u0119 rok szkolny b\u0119dzie czasem&nbsp;<strong>pe\u0142nym inspiracji, nowych mo\u017cliwo\u015bci, sukces\u00f3w i niezapomnianych chwil<\/strong>.<\/p>\n\n\n\n<p><strong>Powodzenia w nowym roku szkolnym 2026\/2027!<\/strong><br>Niech b\u0119dzie to dobry rok dla nas wszystkich! \ud83c\udf1f<\/p>\n\n\n\n<p><strong>Witamy w szkole!<\/strong>&nbsp;\ud83c\udfeb\ud83d\udc99<\/p>\n","protected":false},"excerpt":{"rendered":"<p>Drodzy Uczniowie, Nauczyciele i Pracownicy Szko\u0142y! Z ogromn\u0105 rado\u015bci\u0105 rozpoczynamy nowy rok szkolny&nbsp;2026\/2027. Po wakacyjnej przerwie ponownie spotykamy si\u0119, by wsp\u00f3lnie zdobywa\u0107 wiedz\u0119, rozwija\u0107 swoje pasje, podejmowa\u0107 nowe wyzwania i tworzy\u0107 szkoln\u0105 spo\u0142eczno\u015b\u0107. Szczeg\u00f3lnie serdecznie witamy&nbsp;uczni\u00f3w klas pierwszych, kt\u00f3rzy rozpoczynaj\u0105 swoj\u0105 licealn\u0105 przygod\u0119. \u017byczymy Wam, aby nowe miejsce szybko sta\u0142o si\u0119 Wasz\u0105 przestrzeni\u0105 do nauki, &hellip; <\/p>\n<p class=\"link-more\"><a href=\"https:\/\/almalo.edu.pl\/?p=12801\" class=\"more-link\">Czytaj dalej<span class=\"screen-reader-text\"> \u201eWitamy w nowym roku szkolnym 2026\/2027! \ud83c\udf93\ud83d\udcda\u201d<\/span><\/a><\/p>\n","protected":false},"author":13,"featured_media":0,"comment_status":"closed","ping_status":"closed","sticky":false,"template":"","format":"standard","meta":{"footnotes":""},"categories":[1],"tags":[],"class_list":["post-12801","post","type-post","status-publish","format-standard","hentry","category-aktualnosci"],"_links":{"self":[{"href":"https:\/\/almalo.edu.pl\/index.php?rest_route=\/wp\/v2\/posts\/12801","targetHints":{"allow":["GET"]}}],"collection":[{"href":"https:\/\/almalo.edu.pl\/index.php?rest_route=\/wp\/v2\/posts"}],"about":[{"href":"https:\/\/almalo.edu.pl\/index.php?rest_route=\/wp\/v2\/types\/post"}],"author":[{"embeddable":true,"href":"https:\/\/almalo.edu.pl\/index.php?rest_route=\/wp\/v2\/users\/13"}],"replies":[{"embeddable":true,"href":"https:\/\/almalo.edu.pl\/index.php?rest_route=%2Fwp%2Fv2%2Fcomments&post=12801"}],"version-history":[{"count":1,"href":"https:\/\/almalo.edu.pl\/index.php?rest_route=\/wp\/v2\/posts\/12801\/revisions"}],"predecessor-version":[{"id":12803,"href":"https:\/\/almalo.edu.pl\/index.php?rest_route=\/wp\/v2\/posts\/12801\/revisions\/12803"}],"wp:attachment":[{"href":"https:\/\/almalo.edu.pl\/index.php?rest_route=%2Fwp%2Fv2%2Fmedia&parent=12801"}],"wp:term":[{"taxonomy":"category","embeddable":true,"href":"https:\/\/almalo.edu.pl\/index.php?rest_route=%2Fwp%2Fv2%2Fcategories&post=12801"},{"taxonomy":"post_tag","embeddable":true,"href":"https:\/\/almalo.edu.pl\/index.php?rest_route=%2Fwp%2Fv2%2Ftags&post=12801"}],"curies":[{"name":"wp","href":"https:\/\/api.w.org\/{rel}","templated":true}]}}