{"id":12804,"date":"2026-09-01T10:41:59","date_gmt":"2026-09-01T08:41:59","guid":{"rendered":"https:\/\/almalo.edu.pl\/?p=12804"},"modified":"2026-09-01T10:41:59","modified_gmt":"2026-09-01T08:41:59","slug":"%f0%9f%93%9a-razem-zbieramy-talenciaki-dla-naszej-szkoly-%f0%9f%92%99","status":"publish","type":"post","link":"https:\/\/almalo.edu.pl\/?p=12804","title":{"rendered":"\ud83d\udcda Razem zbieramy Talenciaki dla naszej szko\u0142y! \ud83d\udc99"},"content":{"rendered":"\n<p>Drodzy Uczniowie, Rodzice i Sympatycy naszej Szko\u0142y!<\/p>\n\n\n\n<p>Zapraszamy Was do wsp\u00f3lnego udzia\u0142u w akcji&nbsp;<strong>Lidl \u201eSzko\u0142y Pe\u0142ne Talent\u00f3w 5\u201d<\/strong>! \ud83c\udf93\u2728<\/p>\n\n\n\n<p>Ka\u017cde zakupy w Lidlu mog\u0105 pom\u00f3c naszej szkole zdoby\u0107&nbsp;<strong>nowe, warto\u015bciowe wyposa\u017cenie<\/strong>, kt\u00f3re pos\u0142u\u017cy uczniom podczas nauki i rozwijania ich zainteresowa\u0144.<\/p>\n\n\n\n<p>\ud83d\uded2&nbsp;<strong>Jak mo\u017cna pom\u00f3c?<\/strong><\/p>\n\n\n\n<p>\ud83c\udf9f\ufe0f Otrzymane&nbsp;<strong>Talenciaki<\/strong>&nbsp;mo\u017cecie:<\/p>\n\n\n\n<ul class=\"wp-block-list\">\n<li>wrzuca\u0107 do specjalnych pude\u0142ek znajduj\u0105cych si\u0119\u00a0<strong>przed czytelni\u0105<\/strong>,<\/li>\n\n\n\n<li>albo\u00a0<strong>samodzielnie przypisa\u0107 je naszej szkole<\/strong>\u00a0za pomoc\u0105 poni\u017cszego linku: <a href=\"https:\/\/szkoly.lidl.pl\/Talenciaki\/daneSzkoly\/87040000419\">https:\/\/szkoly.lidl.pl\/Talenciaki\/daneSzkoly\/87040000419<\/a><\/li>\n<\/ul>\n\n\n\n<p>Liczy si\u0119 ka\u017cdy Talenciak! \u2764\ufe0f Im wi\u0119cej ich wsp\u00f3lnie zbierzemy, tym wi\u0119cej wyposa\u017cenia b\u0119dziemy mogli pozyska\u0107 dla naszej szko\u0142y.<\/p>\n\n\n\n<p><strong>Zach\u0119camy do udzia\u0142u i wsp\u00f3lnego dzia\u0142ania!<\/strong><br>Poka\u017cmy, \u017ce szkolna spo\u0142eczno\u015b\u0107 potrafi dzia\u0142a\u0107 razem! \ud83d\udcaa\ud83c\udfeb<\/p>\n\n\n\n<p>\u2764\ufe0f Zbierajmy Talenciaki \u2013 wsp\u00f3lnie mo\u017cemy wi\u0119cej!<\/p>\n\n\n\n<figure class=\"wp-block-image size-full\"><img loading=\"lazy\" decoding=\"async\" width=\"792\" height=\"825\" src=\"https:\/\/almalo.edu.pl\/wp-content\/uploads\/2026\/09\/szkola-talenciaki.jpg\" alt=\"\" class=\"wp-image-12805\" srcset=\"https:\/\/almalo.edu.pl\/wp-content\/uploads\/2026\/09\/szkola-talenciaki.jpg 792w, https:\/\/almalo.edu.pl\/wp-content\/uploads\/2026\/09\/szkola-talenciaki-288x300.jpg 288w, https:\/\/almalo.edu.pl\/wp-content\/uploads\/2026\/09\/szkola-talenciaki-768x800.jpg 768w\" sizes=\"auto, (max-width: 767px) 89vw, (max-width: 1000px) 54vw, (max-width: 1071px) 543px, 580px\" \/><\/figure>\n","protected":false},"excerpt":{"rendered":"<p>Drodzy Uczniowie, Rodzice i Sympatycy naszej Szko\u0142y! Zapraszamy Was do wsp\u00f3lnego udzia\u0142u w akcji&nbsp;Lidl \u201eSzko\u0142y Pe\u0142ne Talent\u00f3w 5\u201d! \ud83c\udf93\u2728 Ka\u017cde zakupy w Lidlu mog\u0105 pom\u00f3c naszej szkole zdoby\u0107&nbsp;nowe, warto\u015bciowe wyposa\u017cenie, kt\u00f3re pos\u0142u\u017cy uczniom podczas nauki i rozwijania ich zainteresowa\u0144. \ud83d\uded2&nbsp;Jak mo\u017cna pom\u00f3c? \ud83c\udf9f\ufe0f Otrzymane&nbsp;Talenciaki&nbsp;mo\u017cecie: Liczy si\u0119 ka\u017cdy Talenciak! \u2764\ufe0f Im wi\u0119cej ich wsp\u00f3lnie zbierzemy, tym &hellip; <\/p>\n<p class=\"link-more\"><a href=\"https:\/\/almalo.edu.pl\/?p=12804\" class=\"more-link\">Czytaj dalej<span class=\"screen-reader-text\"> \u201e\ud83d\udcda Razem zbieramy Talenciaki dla naszej szko\u0142y! \ud83d\udc99\u201d<\/span><\/a><\/p>\n","protected":false},"author":13,"featured_media":0,"comment_status":"closed","ping_status":"closed","sticky":false,"template":"","format":"standard","meta":{"footnotes":""},"categories":[1],"tags":[],"class_list":["post-12804","post","type-post","status-publish","format-standard","hentry","category-aktualnosci"],"_links":{"self":[{"href":"https:\/\/almalo.edu.pl\/index.php?rest_route=\/wp\/v2\/posts\/12804","targetHints":{"allow":["GET"]}}],"collection":[{"href":"https:\/\/almalo.edu.pl\/index.php?rest_route=\/wp\/v2\/posts"}],"about":[{"href":"https:\/\/almalo.edu.pl\/index.php?rest_route=\/wp\/v2\/types\/post"}],"author":[{"embeddable":true,"href":"https:\/\/almalo.edu.pl\/index.php?rest_route=\/wp\/v2\/users\/13"}],"replies":[{"embeddable":true,"href":"https:\/\/almalo.edu.pl\/index.php?rest_route=%2Fwp%2Fv2%2Fcomments&post=12804"}],"version-history":[{"count":1,"href":"https:\/\/almalo.edu.pl\/index.php?rest_route=\/wp\/v2\/posts\/12804\/revisions"}],"predecessor-version":[{"id":12806,"href":"https:\/\/almalo.edu.pl\/index.php?rest_route=\/wp\/v2\/posts\/12804\/revisions\/12806"}],"wp:attachment":[{"href":"https:\/\/almalo.edu.pl\/index.php?rest_route=%2Fwp%2Fv2%2Fmedia&parent=12804"}],"wp:term":[{"taxonomy":"category","embeddable":true,"href":"https:\/\/almalo.edu.pl\/index.php?rest_route=%2Fwp%2Fv2%2Fcategories&post=12804"},{"taxonomy":"post_tag","embeddable":true,"href":"https:\/\/almalo.edu.pl\/index.php?rest_route=%2Fwp%2Fv2%2Ftags&post=12804"}],"curies":[{"name":"wp","href":"https:\/\/api.w.org\/{rel}","templated":true}]}}